{"id":321,"date":"2019-10-18T08:47:54","date_gmt":"2019-10-18T08:47:54","guid":{"rendered":"http:\/\/diarium.usal.es\/mita\/?p=321"},"modified":"2019-10-18T08:47:54","modified_gmt":"2019-10-18T08:47:54","slug":"charla-educar-hacia-la-interculturalidad-en-la-sociedad-del-conocimiento","status":"publish","type":"post","link":"https:\/\/mita.usal.es\/en\/2019\/10\/18\/charla-educar-hacia-la-interculturalidad-en-la-sociedad-del-conocimiento\/","title":{"rendered":"Charla: Educar hacia la interculturalidad en la sociedad del conocimiento"},"content":{"rendered":"<p style=\"text-align: center\"><a href=\"http:\/\/diarium.usal.es\/mita\/files\/2019\/10\/charla-2.jpg\"><img loading=\"lazy\" decoding=\"async\" class=\"aligncenter size-medium wp-image-323\" alt=\"charla 2\" src=\"http:\/\/diarium.usal.es\/mita\/files\/2019\/10\/charla-2-300x152.jpg\" width=\"500\" height=\"252\" \/><\/a><\/p>\n<p>El pr\u00f3ximo 23 de octubre se presentar\u00e1 la charla: <em>Educar hacia la interculturalidad en la sociedad del conocimiento<\/em>. A cargo de <strong>Erla Mariela Morales Morgado<\/strong>, profesora de la Universidad de Salamanca e investigadora del grupo <strong>Multiculturalidad, Innovaci\u00f3n y Tecnolog\u00edas Aplicadas (MITA)<\/strong>.<\/p>\n<p>Acomp\u00e1\u00f1anos a las 19:30 h en el Restaurante La Bruja (\u00c1vila) a disfrutar de un caf\u00e9 e intercambiar opiniones sobre la interculturalidad en la educaci\u00f3n.<\/p>\n<p>Para m\u00e1s informaci\u00f3n sobre el evento pincha\u00a0<a href=\"http:\/\/diarium.usal.es\/mita\/files\/2019\/10\/CAF\u00c9-CULTURAL-ERLA-MORALES.pdf\">AQU\u00cd<\/a><a href=\"http:\/\/diarium.usal.es\/mita\/files\/2019\/10\/CAF\u00c9-CULTURAL-ERLA-MORALES.pdf\"><br \/>\n<\/a><\/p>\n","protected":false},"excerpt":{"rendered":"<p>El pr\u00f3ximo 23 de octubre se presentar\u00e1 la charla: Educar hacia la interculturalidad en la sociedad del conocimiento. A cargo de Erla Mariela Morales Morgado, profesora de la Universidad de Salamanca e investigadora del grupo Multiculturalidad, Innovaci\u00f3n y Tecnolog\u00edas Aplicadas (MITA). Acomp\u00e1\u00f1anos a las 19:30 h en el Restaurante La Bruja (\u00c1vila) a disfrutar de &hellip; <a href=\"https:\/\/mita.usal.es\/en\/2019\/10\/18\/charla-educar-hacia-la-interculturalidad-en-la-sociedad-del-conocimiento\/\" class=\"more-link\">Continue reading<span class=\"screen-reader-text\"> &#8220;Charla: Educar hacia la interculturalidad en la sociedad del conocimiento&#8221;<\/span><\/a><\/p>\n","protected":false},"author":54,"featured_media":0,"comment_status":"open","ping_status":"open","sticky":false,"template":"","format":"standard","meta":{"footnotes":""},"categories":[7],"tags":[6],"class_list":["post-321","post","type-post","status-publish","format-standard","hentry","category-eventos","tag-evento"],"aioseo_notices":[],"_links":{"self":[{"href":"https:\/\/mita.usal.es\/en\/wp-json\/wp\/v2\/posts\/321","targetHints":{"allow":["GET"]}}],"collection":[{"href":"https:\/\/mita.usal.es\/en\/wp-json\/wp\/v2\/posts"}],"about":[{"href":"https:\/\/mita.usal.es\/en\/wp-json\/wp\/v2\/types\/post"}],"author":[{"embeddable":true,"href":"https:\/\/mita.usal.es\/en\/wp-json\/wp\/v2\/users\/54"}],"replies":[{"embeddable":true,"href":"https:\/\/mita.usal.es\/en\/wp-json\/wp\/v2\/comments?post=321"}],"version-history":[{"count":0,"href":"https:\/\/mita.usal.es\/en\/wp-json\/wp\/v2\/posts\/321\/revisions"}],"wp:attachment":[{"href":"https:\/\/mita.usal.es\/en\/wp-json\/wp\/v2\/media?parent=321"}],"wp:term":[{"taxonomy":"category","embeddable":true,"href":"https:\/\/mita.usal.es\/en\/wp-json\/wp\/v2\/categories?post=321"},{"taxonomy":"post_tag","embeddable":true,"href":"https:\/\/mita.usal.es\/en\/wp-json\/wp\/v2\/tags?post=321"}],"curies":[{"name":"wp","href":"https:\/\/api.w.org\/{rel}","templated":true}]}}